{"id":52467,"date":"2026-03-04T11:34:06","date_gmt":"2026-03-04T10:34:06","guid":{"rendered":"https:\/\/alba.progresium.cz\/?p=52467"},"modified":"2026-03-04T11:34:06","modified_gmt":"2026-03-04T10:34:06","slug":"alba-cr-gewinnt-den-czech-leaders-award","status":"publish","type":"post","link":"https:\/\/alba.progresium.cz\/de\/news-de\/alba-cr-gewinnt-den-czech-leaders-award\/","title":{"rendered":"ALBA CR gewinnt den Czech Leaders Award"},"content":{"rendered":"<p data-path-to-node=\"7\">Im regionalen Wettbewerb der 9. Ausgabe dieser renommierten Auszeichnung haben wir uns gegen hunderte Unternehmen durchgesetzt. Die Jury w\u00fcrdigte unsere Familientradition und unsere Position als f\u00fchrender Hersteller von Sitzm\u00f6beln. Die Gesch\u00e4ftsf\u00fchrerin Sabina den Brinker nahm die Auszeichnung f\u00fcr diesen ph\u00e4nomenalen Erfolg entgegen.<\/p>\n","protected":false},"excerpt":{"rendered":"<p>Im regionalen Wettbewerb der 9. Ausgabe dieser renommierten Auszeichnung haben wir uns gegen hunderte Unternehmen durchgesetzt. Die Jury w\u00fcrdigte unsere Familientradition und unsere Position als f\u00fchrender Hersteller von Sitzm\u00f6beln. Die Gesch\u00e4ftsf\u00fchrerin Sabina den Brinker nahm die Auszeichnung f\u00fcr diesen ph\u00e4nomenalen Erfolg entgegen.<\/p>\n","protected":false},"author":4,"featured_media":52458,"comment_status":"closed","ping_status":"closed","sticky":false,"template":"","format":"standard","meta":{"_acf_changed":false,"inline_featured_image":false,"footnotes":""},"categories":[283],"tags":[],"class_list":["post-52467","post","type-post","status-publish","format-standard","has-post-thumbnail","hentry","category-news-de"],"acf":[],"aioseo_notices":[],"_links":{"self":[{"href":"https:\/\/alba.progresium.cz\/de\/wp-json\/wp\/v2\/posts\/52467","targetHints":{"allow":["GET"]}}],"collection":[{"href":"https:\/\/alba.progresium.cz\/de\/wp-json\/wp\/v2\/posts"}],"about":[{"href":"https:\/\/alba.progresium.cz\/de\/wp-json\/wp\/v2\/types\/post"}],"author":[{"embeddable":true,"href":"https:\/\/alba.progresium.cz\/de\/wp-json\/wp\/v2\/users\/4"}],"replies":[{"embeddable":true,"href":"https:\/\/alba.progresium.cz\/de\/wp-json\/wp\/v2\/comments?post=52467"}],"version-history":[{"count":1,"href":"https:\/\/alba.progresium.cz\/de\/wp-json\/wp\/v2\/posts\/52467\/revisions"}],"predecessor-version":[{"id":52468,"href":"https:\/\/alba.progresium.cz\/de\/wp-json\/wp\/v2\/posts\/52467\/revisions\/52468"}],"wp:featuredmedia":[{"embeddable":true,"href":"https:\/\/alba.progresium.cz\/de\/wp-json\/wp\/v2\/media\/52458"}],"wp:attachment":[{"href":"https:\/\/alba.progresium.cz\/de\/wp-json\/wp\/v2\/media?parent=52467"}],"wp:term":[{"taxonomy":"category","embeddable":true,"href":"https:\/\/alba.progresium.cz\/de\/wp-json\/wp\/v2\/categories?post=52467"},{"taxonomy":"post_tag","embeddable":true,"href":"https:\/\/alba.progresium.cz\/de\/wp-json\/wp\/v2\/tags?post=52467"}],"curies":[{"name":"wp","href":"https:\/\/api.w.org\/{rel}","templated":true}]}}