{"id":52469,"date":"2026-03-04T11:34:58","date_gmt":"2026-03-04T10:34:58","guid":{"rendered":"https:\/\/alba.progresium.cz\/?p=52469"},"modified":"2026-03-04T11:34:58","modified_gmt":"2026-03-04T10:34:58","slug":"alba-cr-vitezem-oceneni-ceskych-lidru-2","status":"publish","type":"post","link":"https:\/\/alba.progresium.cz\/cs\/novinky\/alba-cr-vitezem-oceneni-ceskych-lidru-2\/","title":{"rendered":"ALBA CR v\u00edt\u011bzem Ocen\u011bn\u00ed \u010cesk\u00fdch L\u00eddr\u016f"},"content":{"rendered":"<p>V krajsk\u00e9m kole 9. ro\u010dn\u00edku presti\u017en\u00ed sout\u011b\u017ee jsme zv\u00edt\u011bzili v konkurenci stovek firem. Porota vyzdvihla na\u0161i rodinnou tradici i pozici p\u0159edn\u00edho \u010desk\u00e9ho v\u00fdrobce sedac\u00edho n\u00e1bytku. Ocen\u011bn\u00ed p\u0159evzala jednatelka spole\u010dnosti Sabina den Brinker.<\/p>\n","protected":false},"excerpt":{"rendered":"<p>V krajsk\u00e9m kole 9. ro\u010dn\u00edku presti\u017en\u00ed sout\u011b\u017ee jsme zv\u00edt\u011bzili v konkurenci stovek firem. Porota vyzdvihla na\u0161i rodinnou tradici i pozici p\u0159edn\u00edho \u010desk\u00e9ho v\u00fdrobce sedac\u00edho n\u00e1bytku. Ocen\u011bn\u00ed p\u0159evzala jednatelka spole\u010dnosti Sabina den Brinker.<\/p>\n","protected":false},"author":4,"featured_media":52456,"comment_status":"closed","ping_status":"closed","sticky":false,"template":"","format":"standard","meta":{"_acf_changed":false,"inline_featured_image":false,"footnotes":""},"categories":[19],"tags":[],"class_list":["post-52469","post","type-post","status-publish","format-standard","has-post-thumbnail","hentry","category-novinky"],"acf":[],"aioseo_notices":[],"_links":{"self":[{"href":"https:\/\/alba.progresium.cz\/cs\/wp-json\/wp\/v2\/posts\/52469","targetHints":{"allow":["GET"]}}],"collection":[{"href":"https:\/\/alba.progresium.cz\/cs\/wp-json\/wp\/v2\/posts"}],"about":[{"href":"https:\/\/alba.progresium.cz\/cs\/wp-json\/wp\/v2\/types\/post"}],"author":[{"embeddable":true,"href":"https:\/\/alba.progresium.cz\/cs\/wp-json\/wp\/v2\/users\/4"}],"replies":[{"embeddable":true,"href":"https:\/\/alba.progresium.cz\/cs\/wp-json\/wp\/v2\/comments?post=52469"}],"version-history":[{"count":1,"href":"https:\/\/alba.progresium.cz\/cs\/wp-json\/wp\/v2\/posts\/52469\/revisions"}],"predecessor-version":[{"id":52471,"href":"https:\/\/alba.progresium.cz\/cs\/wp-json\/wp\/v2\/posts\/52469\/revisions\/52471"}],"wp:featuredmedia":[{"embeddable":true,"href":"https:\/\/alba.progresium.cz\/cs\/wp-json\/wp\/v2\/media\/52456"}],"wp:attachment":[{"href":"https:\/\/alba.progresium.cz\/cs\/wp-json\/wp\/v2\/media?parent=52469"}],"wp:term":[{"taxonomy":"category","embeddable":true,"href":"https:\/\/alba.progresium.cz\/cs\/wp-json\/wp\/v2\/categories?post=52469"},{"taxonomy":"post_tag","embeddable":true,"href":"https:\/\/alba.progresium.cz\/cs\/wp-json\/wp\/v2\/tags?post=52469"}],"curies":[{"name":"wp","href":"https:\/\/api.w.org\/{rel}","templated":true}]}}